{"id":2983,"date":"2026-09-03T17:01:12","date_gmt":"2026-09-03T15:01:12","guid":{"rendered":"https:\/\/www.parrocchietta.it\/blog\/?p=2983"},"modified":"2026-09-03T17:02:20","modified_gmt":"2026-09-03T15:02:20","slug":"moduli-iscrizione-catechismo-2026-2027","status":"publish","type":"post","link":"https:\/\/www.parrocchietta.it\/blog\/2026\/09\/03\/moduli-iscrizione-catechismo-2026-2027\/","title":{"rendered":"Moduli iscrizione Catechismo 2026\/2027"},"content":{"rendered":"\n<p class=\"wp-block-paragraph\">Cari parrocchiani, <\/p>\n\n\n\n<p class=\"wp-block-paragraph\">di seguito \u00e8 possibile scaricare&nbsp;i moduli per il catechismo della Comunione, della Cresima e del dopo-Cresima.<\/p>\n\n\n\n<p class=\"wp-block-paragraph\">Per iscriversi, basta stampare il foglio che interessa e consegnarlo compilato in ufficio parrocchiale (apre\u00a0luned\u00ec 14 settembre,\u00a0dal luned\u00ec al venerd\u00ec\u00a0dalle 17 alle 19 e il\u00a0sabato dalle 10 alle 12).<\/p>\n\n\n\n<p class=\"wp-block-paragraph\">Il foglio di iscrizione va compilato anche da chi ha gi\u00e0 frequentato il primo anno e deve frequentare il secondo anno.<\/p>\n\n\n\n<p class=\"wp-block-paragraph\">Al momento dell&#8217;iscrizione, chiediamo una quota di \u20ac 15,00 a bambino\/ragazzo per la partecipazione alle spese della parrocchia.<\/p>\n\n\n\n<p class=\"wp-block-paragraph\">Il foglio con le &#8220;Informazioni particolari&#8221; va compilato e consegnato SOLO in presenza di patologie o esigenze sanitarie particolari certificate.<\/p>\n\n\n\n<p class=\"wp-block-paragraph\">Il foglio per la Privacy NON va consegnato, ma \u00e8 un doveroso riassunto informativo che la parrocchia fornisce alle famiglie in ottemperanza alle norme sulla privacy.<\/p>\n\n\n\n<p class=\"wp-block-paragraph\">Il parroco don Elio<\/p>\n\n\n\n<hr class=\"wp-block-separator has-alpha-channel-opacity\"\/>\n\n\n\n<h2 class=\"wp-block-heading\"><strong>Comunione modulo iscrizione 2026-27:<\/strong><\/h2>\n\n\n\n<div data-wp-interactive=\"core\/file\" class=\"wp-block-file\"><object data-wp-bind--hidden=\"!state.hasPdfPreview\" hidden class=\"wp-block-file__embed\" data=\"https:\/\/www.parrocchietta.it\/blog\/wp-content\/uploads\/2026\/09\/Comunione-modulo-iscrizione-2026-27.pdf\" type=\"application\/pdf\" style=\"width:100%;height:320px\" aria-label=\"Incorporamento PDF\"><\/object><a href=\"https:\/\/www.parrocchietta.it\/blog\/wp-content\/uploads\/2026\/09\/Comunione-modulo-iscrizione-2026-27.pdf\" class=\"wp-block-file__button wp-element-button\" download>Download<\/a><\/div>\n\n\n\n<hr class=\"wp-block-separator has-alpha-channel-opacity\"\/>\n\n\n\n<h2 class=\"wp-block-heading\"><strong>Cresima modulo iscrizione 2026-27:<\/strong><\/h2>\n\n\n\n<div data-wp-interactive=\"core\/file\" class=\"wp-block-file\"><object data-wp-bind--hidden=\"!state.hasPdfPreview\" hidden class=\"wp-block-file__embed\" data=\"https:\/\/www.parrocchietta.it\/blog\/wp-content\/uploads\/2026\/09\/Cresima-modulo-iscrizione-2026-27.pdf\" type=\"application\/pdf\" style=\"width:100%;height:350px\" aria-label=\"Incorporamento PDF\"><\/object><a href=\"https:\/\/www.parrocchietta.it\/blog\/wp-content\/uploads\/2026\/09\/Cresima-modulo-iscrizione-2026-27.pdf\" class=\"wp-block-file__button wp-element-button\" download>Download<\/a><\/div>\n\n\n\n<hr class=\"wp-block-separator has-alpha-channel-opacity\"\/>\n\n\n\n<h2 class=\"wp-block-heading has-larger-font-size\"><strong>Dopo-Cresima modulo iscrizione 2026-27:<\/strong><\/h2>\n\n\n\n<div data-wp-interactive=\"core\/file\" class=\"wp-block-file\"><object data-wp-bind--hidden=\"!state.hasPdfPreview\" hidden class=\"wp-block-file__embed\" data=\"https:\/\/www.parrocchietta.it\/blog\/wp-content\/uploads\/2026\/09\/Adolescenti-e-giovani-modulo-iscrizione-2026-27.pdf\" type=\"application\/pdf\" style=\"width:100%;height:320px\" aria-label=\"Incorporamento PDF\"><\/object><a href=\"https:\/\/www.parrocchietta.it\/blog\/wp-content\/uploads\/2026\/09\/Adolescenti-e-giovani-modulo-iscrizione-2026-27.pdf\" class=\"wp-block-file__button wp-element-button\" download>Download<\/a><\/div>\n\n\n\n<hr class=\"wp-block-separator has-alpha-channel-opacity\"\/>\n\n\n\n<h2 class=\"wp-block-heading\"><strong>Informazioni particolari:<\/strong><\/h2>\n\n\n\n<div data-wp-interactive=\"core\/file\" class=\"wp-block-file\"><object data-wp-bind--hidden=\"!state.hasPdfPreview\" hidden class=\"wp-block-file__embed\" data=\"https:\/\/www.parrocchietta.it\/blog\/wp-content\/uploads\/2026\/09\/informazioni-particolari.pdf\" type=\"application\/pdf\" style=\"width:100%;height:310px\" aria-label=\"Incorporamento PDF\"><\/object><a href=\"https:\/\/www.parrocchietta.it\/blog\/wp-content\/uploads\/2026\/09\/informazioni-particolari.pdf\" class=\"wp-block-file__button wp-element-button\" download>Download<\/a><\/div>\n\n\n\n<hr class=\"wp-block-separator has-alpha-channel-opacity\"\/>\n\n\n\n<h2 class=\"wp-block-heading\">Informativa privacy:<\/h2>\n\n\n\n<div data-wp-interactive=\"core\/file\" class=\"wp-block-file\"><object data-wp-bind--hidden=\"!state.hasPdfPreview\" hidden class=\"wp-block-file__embed\" data=\"https:\/\/www.parrocchietta.it\/blog\/wp-content\/uploads\/2026\/09\/Privacy.pdf\" type=\"application\/pdf\" style=\"width:100%;height:330px\" aria-label=\"Incorporamento PDF\"><\/object><a href=\"https:\/\/www.parrocchietta.it\/blog\/wp-content\/uploads\/2026\/09\/Privacy.pdf\" class=\"wp-block-file__button wp-element-button\" download>Download<\/a><\/div>\n","protected":false},"excerpt":{"rendered":"<p>Cari parrocchiani, di seguito \u00e8 possibile scaricare&nbsp;i moduli per il catechismo della Comunione, della Cresima e del dopo-Cresima. Per iscriversi, basta stampare il foglio che interessa e consegnarlo&#8230;<\/p>\n","protected":false},"author":1,"featured_media":2990,"comment_status":"open","ping_status":"open","sticky":true,"template":"","format":"standard","meta":{"footnotes":""},"categories":[12],"tags":[],"class_list":["post-2983","post","type-post","status-publish","format-standard","has-post-thumbnail","hentry","category-modulistica"],"aioseo_notices":[],"aioseo_head":"\n\t\t<!-- All in One SEO 5.0.1.1 - aioseo.com -->\n\t<meta name=\"description\" content=\"Cari parrocchiani, di seguito \u00e8 possibile scaricare i moduli per il catechismo della Comunione, della Cresima e del dopo-Cresima. Per iscriversi, basta stampare il foglio che interessa e consegnarlo compilato in ufficio parrocchiale (apre luned\u00ec 14 settembre, dal luned\u00ec al venerd\u00ec dalle 17 alle 19 e il sabato dalle 10 alle 12). Il foglio di iscrizione va compilato anche da\" \/>\n\t<meta name=\"robots\" content=\"max-image-preview:large\" \/>\n\t<meta name=\"author\" content=\"admin\"\/>\n\t<meta name=\"google-site-verification\" content=\"lxC9wx7Oo8Yc8KByefHJqELq-Y5W_6VPR0x75-nb7Jg\" \/>\n\t<link rel=\"canonical\" href=\"https:\/\/www.parrocchietta.it\/blog\/2026\/09\/03\/moduli-iscrizione-catechismo-2026-2027\/\" \/>\n\t<meta name=\"generator\" content=\"All in One SEO (AIOSEO) 5.0.1.1\" \/>\n\t\t<meta property=\"og:locale\" content=\"it_IT\" \/>\n\t\t<meta property=\"og:site_name\" content=\"Parrocchia S. Maria del Carmine e San Giuseppe -\" \/>\n\t\t<meta property=\"og:type\" content=\"article\" \/>\n\t\t<meta property=\"og:title\" content=\"Moduli iscrizione Catechismo 2026\/2027 - Parrocchia S. Maria del Carmine e San Giuseppe\" \/>\n\t\t<meta property=\"og:description\" content=\"Cari parrocchiani, di seguito \u00e8 possibile scaricare i moduli per il catechismo della Comunione, della Cresima e del dopo-Cresima. Per iscriversi, basta stampare il foglio che interessa e consegnarlo compilato in ufficio parrocchiale (apre luned\u00ec 14 settembre, dal luned\u00ec al venerd\u00ec dalle 17 alle 19 e il sabato dalle 10 alle 12). Il foglio di iscrizione va compilato anche da\" \/>\n\t\t<meta property=\"og:url\" content=\"https:\/\/www.parrocchietta.it\/blog\/2026\/09\/03\/moduli-iscrizione-catechismo-2026-2027\/\" \/>\n\t\t<meta property=\"og:image\" content=\"https:\/\/www.parrocchietta.it\/blog\/wp-content\/uploads\/2026\/09\/Gemini_Generated_Image_uf2mx1uf2mx1uf2m-scaled.jpg\" \/>\n\t\t<meta property=\"og:image:secure_url\" content=\"https:\/\/www.parrocchietta.it\/blog\/wp-content\/uploads\/2026\/09\/Gemini_Generated_Image_uf2mx1uf2mx1uf2m-scaled.jpg\" \/>\n\t\t<meta property=\"og:image:width\" content=\"2560\" \/>\n\t\t<meta property=\"og:image:height\" content=\"1333\" \/>\n\t\t<meta property=\"article:published_time\" content=\"2026-09-03T15:01:12+00:00\" \/>\n\t\t<meta property=\"article:modified_time\" content=\"2026-09-03T15:02:20+00:00\" \/>\n\t\t<meta name=\"twitter:card\" content=\"summary_large_image\" \/>\n\t\t<meta name=\"twitter:title\" content=\"Moduli iscrizione Catechismo 2026\/2027 - Parrocchia S. Maria del Carmine e San Giuseppe\" \/>\n\t\t<meta name=\"twitter:description\" content=\"Cari parrocchiani, di seguito \u00e8 possibile scaricare i moduli per il catechismo della Comunione, della Cresima e del dopo-Cresima. Per iscriversi, basta stampare il foglio che interessa e consegnarlo compilato in ufficio parrocchiale (apre luned\u00ec 14 settembre, dal luned\u00ec al venerd\u00ec dalle 17 alle 19 e il sabato dalle 10 alle 12). Il foglio di iscrizione va compilato anche da\" \/>\n\t\t<meta name=\"twitter:image\" content=\"https:\/\/www.parrocchietta.it\/blog\/wp-content\/uploads\/2026\/09\/Gemini_Generated_Image_uf2mx1uf2mx1uf2m-scaled.jpg\" \/>\n\t\t<script type=\"application\/ld+json\" class=\"aioseo-schema\">\n\t\t\t{\"@context\":\"https:\\\/\\\/schema.org\",\"@graph\":[{\"@type\":\"BlogPosting\",\"@id\":\"https:\\\/\\\/www.parrocchietta.it\\\/blog\\\/2026\\\/09\\\/03\\\/moduli-iscrizione-catechismo-2026-2027\\\/#blogposting\",\"name\":\"Moduli iscrizione Catechismo 2026\\\/2027 - Parrocchia S. Maria del Carmine e San Giuseppe\",\"headline\":\"Moduli iscrizione Catechismo 2026\\\/2027\",\"author\":{\"@id\":\"https:\\\/\\\/www.parrocchietta.it\\\/blog\\\/author\\\/admin\\\/#author\"},\"publisher\":{\"@id\":\"https:\\\/\\\/www.parrocchietta.it\\\/blog\\\/#organization\"},\"image\":{\"@type\":\"ImageObject\",\"url\":\"https:\\\/\\\/www.parrocchietta.it\\\/blog\\\/wp-content\\\/uploads\\\/2026\\\/09\\\/Gemini_Generated_Image_uf2mx1uf2mx1uf2m-scaled.jpg\",\"width\":2560,\"height\":1333},\"datePublished\":\"2026-09-03T17:01:12+02:00\",\"dateModified\":\"2026-09-03T17:02:20+02:00\",\"inLanguage\":\"it-IT\",\"mainEntityOfPage\":{\"@id\":\"https:\\\/\\\/www.parrocchietta.it\\\/blog\\\/2026\\\/09\\\/03\\\/moduli-iscrizione-catechismo-2026-2027\\\/#webpage\"},\"isPartOf\":{\"@id\":\"https:\\\/\\\/www.parrocchietta.it\\\/blog\\\/2026\\\/09\\\/03\\\/moduli-iscrizione-catechismo-2026-2027\\\/#webpage\"},\"articleSection\":\"Modulistica\"},{\"@type\":\"BreadcrumbList\",\"@id\":\"https:\\\/\\\/www.parrocchietta.it\\\/blog\\\/2026\\\/09\\\/03\\\/moduli-iscrizione-catechismo-2026-2027\\\/#breadcrumblist\",\"itemListElement\":[{\"@type\":\"ListItem\",\"@id\":\"https:\\\/\\\/www.parrocchietta.it\\\/blog#listItem\",\"position\":1,\"name\":\"Home\",\"item\":\"https:\\\/\\\/www.parrocchietta.it\\\/blog\",\"nextItem\":{\"@type\":\"ListItem\",\"@id\":\"https:\\\/\\\/www.parrocchietta.it\\\/blog\\\/category\\\/modulistica\\\/#listItem\",\"name\":\"Modulistica\"}},{\"@type\":\"ListItem\",\"@id\":\"https:\\\/\\\/www.parrocchietta.it\\\/blog\\\/category\\\/modulistica\\\/#listItem\",\"position\":2,\"name\":\"Modulistica\",\"item\":\"https:\\\/\\\/www.parrocchietta.it\\\/blog\\\/category\\\/modulistica\\\/\",\"nextItem\":{\"@type\":\"ListItem\",\"@id\":\"https:\\\/\\\/www.parrocchietta.it\\\/blog\\\/2026\\\/09\\\/03\\\/moduli-iscrizione-catechismo-2026-2027\\\/#listItem\",\"name\":\"Moduli iscrizione Catechismo 2026\\\/2027\"},\"previousItem\":{\"@type\":\"ListItem\",\"@id\":\"https:\\\/\\\/www.parrocchietta.it\\\/blog#listItem\",\"name\":\"Home\"}},{\"@type\":\"ListItem\",\"@id\":\"https:\\\/\\\/www.parrocchietta.it\\\/blog\\\/2026\\\/09\\\/03\\\/moduli-iscrizione-catechismo-2026-2027\\\/#listItem\",\"position\":3,\"name\":\"Moduli iscrizione Catechismo 2026\\\/2027\",\"previousItem\":{\"@type\":\"ListItem\",\"@id\":\"https:\\\/\\\/www.parrocchietta.it\\\/blog\\\/category\\\/modulistica\\\/#listItem\",\"name\":\"Modulistica\"}}]},{\"@type\":\"Organization\",\"@id\":\"https:\\\/\\\/www.parrocchietta.it\\\/blog\\\/#organization\",\"name\":\"Parrocchia S. Maria del Carmine e San Giuseppe\",\"url\":\"https:\\\/\\\/www.parrocchietta.it\\\/blog\\\/\"},{\"@type\":\"Person\",\"@id\":\"https:\\\/\\\/www.parrocchietta.it\\\/blog\\\/author\\\/admin\\\/#author\",\"url\":\"https:\\\/\\\/www.parrocchietta.it\\\/blog\\\/author\\\/admin\\\/\",\"name\":\"admin\",\"image\":{\"@type\":\"ImageObject\",\"@id\":\"https:\\\/\\\/www.parrocchietta.it\\\/blog\\\/2026\\\/09\\\/03\\\/moduli-iscrizione-catechismo-2026-2027\\\/#authorImage\",\"url\":\"https:\\\/\\\/secure.gravatar.com\\\/avatar\\\/3d07d523847b8e738443cccacd95d1a1198d92e0c174f2b208d1922bbd724904?s=96&r=g\",\"width\":96,\"height\":96,\"caption\":\"admin\"}},{\"@type\":\"WebPage\",\"@id\":\"https:\\\/\\\/www.parrocchietta.it\\\/blog\\\/2026\\\/09\\\/03\\\/moduli-iscrizione-catechismo-2026-2027\\\/#webpage\",\"url\":\"https:\\\/\\\/www.parrocchietta.it\\\/blog\\\/2026\\\/09\\\/03\\\/moduli-iscrizione-catechismo-2026-2027\\\/\",\"name\":\"Moduli iscrizione Catechismo 2026\\\/2027 - Parrocchia S. Maria del Carmine e San Giuseppe\",\"description\":\"Cari parrocchiani, di seguito \\u00e8 possibile scaricare i moduli per il catechismo della Comunione, della Cresima e del dopo-Cresima. Per iscriversi, basta stampare il foglio che interessa e consegnarlo compilato in ufficio parrocchiale (apre luned\\u00ec 14 settembre, dal luned\\u00ec al venerd\\u00ec dalle 17 alle 19 e il sabato dalle 10 alle 12). Il foglio di iscrizione va compilato anche da\",\"inLanguage\":\"it-IT\",\"isPartOf\":{\"@id\":\"https:\\\/\\\/www.parrocchietta.it\\\/blog\\\/#website\"},\"breadcrumb\":{\"@id\":\"https:\\\/\\\/www.parrocchietta.it\\\/blog\\\/2026\\\/09\\\/03\\\/moduli-iscrizione-catechismo-2026-2027\\\/#breadcrumblist\"},\"author\":{\"@id\":\"https:\\\/\\\/www.parrocchietta.it\\\/blog\\\/author\\\/admin\\\/#author\"},\"creator\":{\"@id\":\"https:\\\/\\\/www.parrocchietta.it\\\/blog\\\/author\\\/admin\\\/#author\"},\"image\":{\"@type\":\"ImageObject\",\"url\":\"https:\\\/\\\/www.parrocchietta.it\\\/blog\\\/wp-content\\\/uploads\\\/2026\\\/09\\\/Gemini_Generated_Image_uf2mx1uf2mx1uf2m-scaled.jpg\",\"@id\":\"https:\\\/\\\/www.parrocchietta.it\\\/blog\\\/2026\\\/09\\\/03\\\/moduli-iscrizione-catechismo-2026-2027\\\/#mainImage\",\"width\":2560,\"height\":1333},\"primaryImageOfPage\":{\"@id\":\"https:\\\/\\\/www.parrocchietta.it\\\/blog\\\/2026\\\/09\\\/03\\\/moduli-iscrizione-catechismo-2026-2027\\\/#mainImage\"},\"datePublished\":\"2026-09-03T17:01:12+02:00\",\"dateModified\":\"2026-09-03T17:02:20+02:00\"},{\"@type\":\"WebSite\",\"@id\":\"https:\\\/\\\/www.parrocchietta.it\\\/blog\\\/#website\",\"url\":\"https:\\\/\\\/www.parrocchietta.it\\\/blog\\\/\",\"name\":\"Parrocchia S. Maria del Carmine e San Giuseppe\",\"inLanguage\":\"it-IT\",\"publisher\":{\"@id\":\"https:\\\/\\\/www.parrocchietta.it\\\/blog\\\/#organization\"}}]}\n\t\t<\/script>\n\t\t<!-- All in One SEO -->\n\n","aioseo_head_json":{"title":"Moduli iscrizione Catechismo 2026\/2027 - Parrocchia S. Maria del Carmine e San Giuseppe","description":"Cari parrocchiani, di seguito \u00e8 possibile scaricare i moduli per il catechismo della Comunione, della Cresima e del dopo-Cresima. Per iscriversi, basta stampare il foglio che interessa e consegnarlo compilato in ufficio parrocchiale (apre luned\u00ec 14 settembre, dal luned\u00ec al venerd\u00ec dalle 17 alle 19 e il sabato dalle 10 alle 12). Il foglio di iscrizione va compilato anche da","canonical_url":"https:\/\/www.parrocchietta.it\/blog\/2026\/09\/03\/moduli-iscrizione-catechismo-2026-2027\/","robots":"max-image-preview:large","keywords":"","webmasterTools":{"google-site-verification":"lxC9wx7Oo8Yc8KByefHJqELq-Y5W_6VPR0x75-nb7Jg","miscellaneous":""},"schema":{"@context":"https:\/\/schema.org","@graph":[{"@type":"BlogPosting","@id":"https:\/\/www.parrocchietta.it\/blog\/2026\/09\/03\/moduli-iscrizione-catechismo-2026-2027\/#blogposting","name":"Moduli iscrizione Catechismo 2026\/2027 - Parrocchia S. Maria del Carmine e San Giuseppe","headline":"Moduli iscrizione Catechismo 2026\/2027","author":{"@id":"https:\/\/www.parrocchietta.it\/blog\/author\/admin\/#author"},"publisher":{"@id":"https:\/\/www.parrocchietta.it\/blog\/#organization"},"image":{"@type":"ImageObject","url":"https:\/\/www.parrocchietta.it\/blog\/wp-content\/uploads\/2026\/09\/Gemini_Generated_Image_uf2mx1uf2mx1uf2m-scaled.jpg","width":2560,"height":1333},"datePublished":"2026-09-03T17:01:12+02:00","dateModified":"2026-09-03T17:02:20+02:00","inLanguage":"it-IT","mainEntityOfPage":{"@id":"https:\/\/www.parrocchietta.it\/blog\/2026\/09\/03\/moduli-iscrizione-catechismo-2026-2027\/#webpage"},"isPartOf":{"@id":"https:\/\/www.parrocchietta.it\/blog\/2026\/09\/03\/moduli-iscrizione-catechismo-2026-2027\/#webpage"},"articleSection":"Modulistica"},{"@type":"BreadcrumbList","@id":"https:\/\/www.parrocchietta.it\/blog\/2026\/09\/03\/moduli-iscrizione-catechismo-2026-2027\/#breadcrumblist","itemListElement":[{"@type":"ListItem","@id":"https:\/\/www.parrocchietta.it\/blog#listItem","position":1,"name":"Home","item":"https:\/\/www.parrocchietta.it\/blog","nextItem":{"@type":"ListItem","@id":"https:\/\/www.parrocchietta.it\/blog\/category\/modulistica\/#listItem","name":"Modulistica"}},{"@type":"ListItem","@id":"https:\/\/www.parrocchietta.it\/blog\/category\/modulistica\/#listItem","position":2,"name":"Modulistica","item":"https:\/\/www.parrocchietta.it\/blog\/category\/modulistica\/","nextItem":{"@type":"ListItem","@id":"https:\/\/www.parrocchietta.it\/blog\/2026\/09\/03\/moduli-iscrizione-catechismo-2026-2027\/#listItem","name":"Moduli iscrizione Catechismo 2026\/2027"},"previousItem":{"@type":"ListItem","@id":"https:\/\/www.parrocchietta.it\/blog#listItem","name":"Home"}},{"@type":"ListItem","@id":"https:\/\/www.parrocchietta.it\/blog\/2026\/09\/03\/moduli-iscrizione-catechismo-2026-2027\/#listItem","position":3,"name":"Moduli iscrizione Catechismo 2026\/2027","previousItem":{"@type":"ListItem","@id":"https:\/\/www.parrocchietta.it\/blog\/category\/modulistica\/#listItem","name":"Modulistica"}}]},{"@type":"Organization","@id":"https:\/\/www.parrocchietta.it\/blog\/#organization","name":"Parrocchia S. Maria del Carmine e San Giuseppe","url":"https:\/\/www.parrocchietta.it\/blog\/"},{"@type":"Person","@id":"https:\/\/www.parrocchietta.it\/blog\/author\/admin\/#author","url":"https:\/\/www.parrocchietta.it\/blog\/author\/admin\/","name":"admin","image":{"@type":"ImageObject","@id":"https:\/\/www.parrocchietta.it\/blog\/2026\/09\/03\/moduli-iscrizione-catechismo-2026-2027\/#authorImage","url":"https:\/\/secure.gravatar.com\/avatar\/3d07d523847b8e738443cccacd95d1a1198d92e0c174f2b208d1922bbd724904?s=96&r=g","width":96,"height":96,"caption":"admin"}},{"@type":"WebPage","@id":"https:\/\/www.parrocchietta.it\/blog\/2026\/09\/03\/moduli-iscrizione-catechismo-2026-2027\/#webpage","url":"https:\/\/www.parrocchietta.it\/blog\/2026\/09\/03\/moduli-iscrizione-catechismo-2026-2027\/","name":"Moduli iscrizione Catechismo 2026\/2027 - Parrocchia S. Maria del Carmine e San Giuseppe","description":"Cari parrocchiani, di seguito \u00e8 possibile scaricare i moduli per il catechismo della Comunione, della Cresima e del dopo-Cresima. Per iscriversi, basta stampare il foglio che interessa e consegnarlo compilato in ufficio parrocchiale (apre luned\u00ec 14 settembre, dal luned\u00ec al venerd\u00ec dalle 17 alle 19 e il sabato dalle 10 alle 12). Il foglio di iscrizione va compilato anche da","inLanguage":"it-IT","isPartOf":{"@id":"https:\/\/www.parrocchietta.it\/blog\/#website"},"breadcrumb":{"@id":"https:\/\/www.parrocchietta.it\/blog\/2026\/09\/03\/moduli-iscrizione-catechismo-2026-2027\/#breadcrumblist"},"author":{"@id":"https:\/\/www.parrocchietta.it\/blog\/author\/admin\/#author"},"creator":{"@id":"https:\/\/www.parrocchietta.it\/blog\/author\/admin\/#author"},"image":{"@type":"ImageObject","url":"https:\/\/www.parrocchietta.it\/blog\/wp-content\/uploads\/2026\/09\/Gemini_Generated_Image_uf2mx1uf2mx1uf2m-scaled.jpg","@id":"https:\/\/www.parrocchietta.it\/blog\/2026\/09\/03\/moduli-iscrizione-catechismo-2026-2027\/#mainImage","width":2560,"height":1333},"primaryImageOfPage":{"@id":"https:\/\/www.parrocchietta.it\/blog\/2026\/09\/03\/moduli-iscrizione-catechismo-2026-2027\/#mainImage"},"datePublished":"2026-09-03T17:01:12+02:00","dateModified":"2026-09-03T17:02:20+02:00"},{"@type":"WebSite","@id":"https:\/\/www.parrocchietta.it\/blog\/#website","url":"https:\/\/www.parrocchietta.it\/blog\/","name":"Parrocchia S. Maria del Carmine e San Giuseppe","inLanguage":"it-IT","publisher":{"@id":"https:\/\/www.parrocchietta.it\/blog\/#organization"}}]},"og:locale":"it_IT","og:site_name":"Parrocchia S. Maria del Carmine e San Giuseppe -","og:type":"article","og:title":"Moduli iscrizione Catechismo 2026\/2027 - Parrocchia S. Maria del Carmine e San Giuseppe","og:description":"Cari parrocchiani, di seguito \u00e8 possibile scaricare i moduli per il catechismo della Comunione, della Cresima e del dopo-Cresima. Per iscriversi, basta stampare il foglio che interessa e consegnarlo compilato in ufficio parrocchiale (apre luned\u00ec 14 settembre, dal luned\u00ec al venerd\u00ec dalle 17 alle 19 e il sabato dalle 10 alle 12). Il foglio di iscrizione va compilato anche da","og:url":"https:\/\/www.parrocchietta.it\/blog\/2026\/09\/03\/moduli-iscrizione-catechismo-2026-2027\/","og:image":"https:\/\/www.parrocchietta.it\/blog\/wp-content\/uploads\/2026\/09\/Gemini_Generated_Image_uf2mx1uf2mx1uf2m-scaled.jpg","og:image:secure_url":"https:\/\/www.parrocchietta.it\/blog\/wp-content\/uploads\/2026\/09\/Gemini_Generated_Image_uf2mx1uf2mx1uf2m-scaled.jpg","og:image:width":2560,"og:image:height":1333,"article:published_time":"2026-09-03T15:01:12+00:00","article:modified_time":"2026-09-03T15:02:20+00:00","twitter:card":"summary_large_image","twitter:title":"Moduli iscrizione Catechismo 2026\/2027 - Parrocchia S. Maria del Carmine e San Giuseppe","twitter:description":"Cari parrocchiani, di seguito \u00e8 possibile scaricare i moduli per il catechismo della Comunione, della Cresima e del dopo-Cresima. Per iscriversi, basta stampare il foglio che interessa e consegnarlo compilato in ufficio parrocchiale (apre luned\u00ec 14 settembre, dal luned\u00ec al venerd\u00ec dalle 17 alle 19 e il sabato dalle 10 alle 12). Il foglio di iscrizione va compilato anche da","twitter:image":"https:\/\/www.parrocchietta.it\/blog\/wp-content\/uploads\/2026\/09\/Gemini_Generated_Image_uf2mx1uf2mx1uf2m-scaled.jpg"},"aioseo_meta_data":{"post_id":"2983","title":null,"description":null,"keywords":null,"keyphrases":{"focus":{"keyphrase":"","score":0,"analysis":{"keyphraseInTitle":{"score":0,"maxScore":9,"error":1}}},"additional":[]},"primary_term":null,"canonical_url":null,"og_title":null,"og_description":null,"og_object_type":"default","og_image_type":"default","og_image_url":null,"og_image_width":null,"og_image_height":null,"og_image_custom_url":null,"og_image_custom_fields":null,"og_video":"","og_custom_url":null,"og_article_section":null,"og_article_tags":null,"twitter_use_og":false,"twitter_card":"default","twitter_image_type":"default","twitter_image_url":null,"twitter_image_custom_url":null,"twitter_image_custom_fields":null,"twitter_title":null,"twitter_description":null,"schema":{"blockGraphs":[],"customGraphs":[],"default":{"data":{"Article":[],"Course":[],"Dataset":[],"FAQPage":[],"Movie":[],"Person":[],"Product":[],"ProductReview":[],"Car":[],"Recipe":[],"Service":[],"SoftwareApplication":[],"WebPage":[]},"graphName":"BlogPosting","isEnabled":true},"graphs":[]},"schema_type":"default","schema_type_options":null,"pillar_content":false,"robots_default":true,"robots_noindex":false,"robots_noarchive":false,"robots_nosnippet":false,"robots_nofollow":false,"robots_noimageindex":false,"robots_noodp":false,"robots_notranslate":false,"robots_max_snippet":"-1","robots_max_videopreview":"-1","robots_max_imagepreview":"large","priority":null,"frequency":"default","local_seo":null,"breadcrumb_settings":null,"limit_modified_date":false,"ai":{"faqs":[],"keyPoints":[],"schemas":[],"titles":[],"descriptions":[],"socialPosts":{"email":{"subject":"","preview":"","content":""},"linkedin":[],"twitter":[],"facebook":[],"instagram":[]}},"created":"2026-09-03 15:01:13","updated":"2026-09-03 15:54:47","seo_analyzer_scan_date":null,"focus_keyword":null,"additional_keywords":null,"truseo_locale":null},"aioseo_breadcrumb":"<div class=\"aioseo-breadcrumbs\"><span class=\"aioseo-breadcrumb\">\n\t\t\t<a href=\"https:\/\/www.parrocchietta.it\/blog\" title=\"Home\">Home<\/a>\n\t\t<\/span><span class=\"aioseo-breadcrumb-separator\">&raquo;<\/span><span class=\"aioseo-breadcrumb\">\n\t\t\t<a href=\"https:\/\/www.parrocchietta.it\/blog\/category\/modulistica\/\" title=\"Modulistica\">Modulistica<\/a>\n\t\t<\/span><span class=\"aioseo-breadcrumb-separator\">&raquo;<\/span><span class=\"aioseo-breadcrumb\">\n\t\t\tModuli iscrizione Catechismo 2026\/2027\n\t\t<\/span><\/div>","aioseo_breadcrumb_json":[{"label":"Home","link":"https:\/\/www.parrocchietta.it\/blog"},{"label":"Modulistica","link":"https:\/\/www.parrocchietta.it\/blog\/category\/modulistica\/"},{"label":"Moduli iscrizione Catechismo 2026\/2027","link":"https:\/\/www.parrocchietta.it\/blog\/2026\/09\/03\/moduli-iscrizione-catechismo-2026-2027\/"}],"_links":{"self":[{"href":"https:\/\/www.parrocchietta.it\/blog\/wp-json\/wp\/v2\/posts\/2983","targetHints":{"allow":["GET"]}}],"collection":[{"href":"https:\/\/www.parrocchietta.it\/blog\/wp-json\/wp\/v2\/posts"}],"about":[{"href":"https:\/\/www.parrocchietta.it\/blog\/wp-json\/wp\/v2\/types\/post"}],"author":[{"embeddable":true,"href":"https:\/\/www.parrocchietta.it\/blog\/wp-json\/wp\/v2\/users\/1"}],"replies":[{"embeddable":true,"href":"https:\/\/www.parrocchietta.it\/blog\/wp-json\/wp\/v2\/comments?post=2983"}],"version-history":[{"count":1,"href":"https:\/\/www.parrocchietta.it\/blog\/wp-json\/wp\/v2\/posts\/2983\/revisions"}],"predecessor-version":[{"id":2991,"href":"https:\/\/www.parrocchietta.it\/blog\/wp-json\/wp\/v2\/posts\/2983\/revisions\/2991"}],"wp:featuredmedia":[{"embeddable":true,"href":"https:\/\/www.parrocchietta.it\/blog\/wp-json\/wp\/v2\/media\/2990"}],"wp:attachment":[{"href":"https:\/\/www.parrocchietta.it\/blog\/wp-json\/wp\/v2\/media?parent=2983"}],"wp:term":[{"taxonomy":"category","embeddable":true,"href":"https:\/\/www.parrocchietta.it\/blog\/wp-json\/wp\/v2\/categories?post=2983"},{"taxonomy":"post_tag","embeddable":true,"href":"https:\/\/www.parrocchietta.it\/blog\/wp-json\/wp\/v2\/tags?post=2983"}],"curies":[{"name":"wp","href":"https:\/\/api.w.org\/{rel}","templated":true}]}}